{"id":542,"date":"2017-04-18T11:42:03","date_gmt":"2017-04-18T11:42:03","guid":{"rendered":"http:\/\/rdweddings.conteadinizza.it\/wordpress\/?p=542\/"},"modified":"2022-03-05T06:53:34","modified_gmt":"2022-03-05T06:53:34","slug":"mariages-a-nice","status":"publish","type":"post","link":"https:\/\/weddings.rivieradivina.it\/fr\/mariages-a-nice\/","title":{"rendered":"Mariages \u00e0 Nice"},"content":{"rendered":"<p>[et_pb_section fb_built=&#8221;1&#8243; admin_label=&#8221;section&#8221; _builder_version=&#8221;4.13.1&#8243; background_color=&#8221;RGBA(0,0,0,0)&#8221; custom_padding=&#8221;20px||||false|false&#8221; global_colors_info=&#8221;{}&#8221;][et_pb_row admin_label=&#8221;row&#8221; _builder_version=&#8221;3.25&#8243; background_size=&#8221;initial&#8221; background_position=&#8221;top_left&#8221; background_repeat=&#8221;repeat&#8221; global_colors_info=&#8221;{}&#8221;][et_pb_column type=&#8221;4_4&#8243; _builder_version=&#8221;3.25&#8243; custom_padding=&#8221;|||&#8221; global_colors_info=&#8221;{}&#8221; custom_padding__hover=&#8221;|||&#8221;][et_pb_text admin_label=&#8221;Text&#8221; _builder_version=&#8221;4.13.1&#8243; background_size=&#8221;initial&#8221; background_position=&#8221;top_left&#8221; background_repeat=&#8221;repeat&#8221; global_colors_info=&#8221;{}&#8221;]Mariages et r\u00e9ceptions dans un vrai ch\u00e2teau au style \u00e9clectique dominant la ville de Nice.<\/p>\n<p>A quelques minutes du centre de Nice se trouve l&#8217;\u00e9difice construit en 1906 par Antoine Mari, sur les galeries souterraines de la garnison romaine de Li Piana di Mari. Ses caves sont actuellement consid\u00e9r\u00e9es comme les plus belles de la r\u00e9gion. Aux alentours de 1920, l&#8217;h\u00e9riti\u00e8re am\u00e9ricaine Irene Bretz acheta le ch\u00e2teau et le restaura en en faisant le si\u00e8ge de fastueuses r\u00e9ceptions. A la fin des ann\u00e9es 30, il fut repris par la famille Tom\u00e9 qui, par amour du vignoble alentour, acquis la d\u00e9nomination AOC bellet en 1941.<\/p>\n<h3>Mariage dans un ch\u00e2teau en C\u00f4te d&#8217;Azur<\/h3>\n<p>L&#8217;actuel propri\u00e9taire, Cornelis Kamerbee, passionn\u00e9 par la C\u00f4te d&#8217;Azur et par le vignoble, a r\u00e9alis\u00e9 d&#8217;importants investissements pour la restructuration de l&#8217;\u00e9difice. La structure est particuli\u00e8rement adapt\u00e9e aux r\u00e9ceptions, \u00e9v\u00e9nements et manifestations. Il est possible de jouir soit de l&#8217;ext\u00e9rieur avec la terrasse semi-couverte, le jardin et la terrasse environnante, soit de l&#8217;int\u00e9rieur avec la salle Antoine Mari.[\/et_pb_text][\/et_pb_column][\/et_pb_row][\/et_pb_section]<\/p>\n","protected":false},"excerpt":{"rendered":"<p>Mariages et r\u00e9ceptions dans un vrai ch\u00e2teau au style \u00e9clectique dominant la ville de Nice. A quelques minutes du centre de Nice se trouve l&#8217;\u00e9difice construit en 1906 par Antoine Mari, sur les galeries souterraines de la garnison romaine de Li Piana di Mari. Ses caves sont actuellement consid\u00e9r\u00e9es comme les plus belles de la [&hellip;]<\/p>\n","protected":false},"author":3,"featured_media":494,"comment_status":"closed","ping_status":"closed","sticky":false,"template":"","format":"standard","meta":{"_acf_changed":false,"_et_pb_use_builder":"on","_et_pb_old_content":"<!--more-->\r\n\r\nMariages et r\u00e9ceptions dans un vrai ch\u00e2teau au style \u00e9clectique dominant la ville de Nice.\r\n\r\n<img class=\"aligncenter size-full wp-image-494\" src=\"http:\/\/rdweddings.conteadinizza.it\/wordpress\/wp-content\/uploads\/2016\/02\/chateau-de-cremat.jpeg\" alt=\"\" width=\"774\" height=\"435\" \/>\r\n\r\nA quelques minutes du centre de Nice se trouve l'\u00e9difice construit en 1906 par Antoine Mari, sur les galeries souterraines de la garnison romaine de Li Piana di Mari. Ses caves sont actuellement consid\u00e9r\u00e9es comme les plus belles de la r\u00e9gion. Aux alentours de 1920, l'h\u00e9riti\u00e8re am\u00e9ricaine Irene Bretz acheta le ch\u00e2teau et le restaura en en faisant le si\u00e8ge de fastueuses r\u00e9ceptions. A la fin des ann\u00e9es 30, il fut repris par la famille Tom\u00e9 qui, par amour du vignoble alentour, acquis la d\u00e9nomination AOC bellet en 1941.\r\n<h3>Mariage dans un ch\u00e2teau en C\u00f4te d'Azur<\/h3>\r\nL'actuel propri\u00e9taire, Cornelis Kamerbee, passionn\u00e9 par la C\u00f4te d'Azur et par le vignoble, a r\u00e9alis\u00e9 d'importants investissements pour la restructuration de l'\u00e9difice. La structure est particuli\u00e8rement adapt\u00e9e aux r\u00e9ceptions, \u00e9v\u00e9nements et manifestations. Il est possible de jouir soit de l'ext\u00e9rieur avec la terrasse semi-couverte, le jardin et la terrasse environnante, soit de l'int\u00e9rieur avec la salle Antoine Mari.","_et_gb_content_width":"","footnotes":""},"categories":[31],"tags":[],"class_list":["post-542","post","type-post","status-publish","format-standard","has-post-thumbnail","hentry","category-location-receptions"],"acf":[],"_links":{"self":[{"href":"https:\/\/weddings.rivieradivina.it\/fr\/wp-json\/wp\/v2\/posts\/542","targetHints":{"allow":["GET"]}}],"collection":[{"href":"https:\/\/weddings.rivieradivina.it\/fr\/wp-json\/wp\/v2\/posts"}],"about":[{"href":"https:\/\/weddings.rivieradivina.it\/fr\/wp-json\/wp\/v2\/types\/post"}],"author":[{"embeddable":true,"href":"https:\/\/weddings.rivieradivina.it\/fr\/wp-json\/wp\/v2\/users\/3"}],"replies":[{"embeddable":true,"href":"https:\/\/weddings.rivieradivina.it\/fr\/wp-json\/wp\/v2\/comments?post=542"}],"version-history":[{"count":9,"href":"https:\/\/weddings.rivieradivina.it\/fr\/wp-json\/wp\/v2\/posts\/542\/revisions"}],"predecessor-version":[{"id":4782,"href":"https:\/\/weddings.rivieradivina.it\/fr\/wp-json\/wp\/v2\/posts\/542\/revisions\/4782"}],"wp:featuredmedia":[{"embeddable":true,"href":"https:\/\/weddings.rivieradivina.it\/fr\/wp-json\/wp\/v2\/media\/494"}],"wp:attachment":[{"href":"https:\/\/weddings.rivieradivina.it\/fr\/wp-json\/wp\/v2\/media?parent=542"}],"wp:term":[{"taxonomy":"category","embeddable":true,"href":"https:\/\/weddings.rivieradivina.it\/fr\/wp-json\/wp\/v2\/categories?post=542"},{"taxonomy":"post_tag","embeddable":true,"href":"https:\/\/weddings.rivieradivina.it\/fr\/wp-json\/wp\/v2\/tags?post=542"}],"curies":[{"name":"wp","href":"https:\/\/api.w.org\/{rel}","templated":true}]}}